{"id":2594,"global_id":"vivartecapoeira.ch\/new?id=2594","global_id_lineage":["vivartecapoeira.ch\/new?id=2594"],"author":"2","status":"publish","date":"2018-03-04 17:48:10","date_utc":"2018-03-04 17:48:10","modified":"2018-03-04 17:52:56","modified_utc":"2018-03-04 17:52:56","url":"http:\/\/vivartecapoeira.ch\/new\/event\/bem-vindo-mestre-plinio\/","rest_url":"http:\/\/vivartecapoeira.ch\/new\/wp-json\/tribe\/events\/v1\/events\/2594","title":"Bem-vindo Mestre Plinio","description":"<p>Mestre Plinio Angoleiro Sim Sinh\u00f4:\u00a01979 lernte ich Capoeira in der Nachbarschaft auf der Strasse kennen, aber erst zwei Jahre sp\u00e4ter trat ich einer Akademie bei und trainierte fortan immer im Dabeisein eines Meisters. Als ich Mestre M\u00f4a do Katend\u00ea traf, lud er mich ein, meine eigene Arbeit in Capoeira aufzunehmen. Kurz darauf traf ich Mestre Jogo de Dentro und begann mit meinen ersten Sch\u00fclern in der Fabrica dos Sonhos zu trainieren. Ich lebte und trainierte f\u00fcnf Jahre mit Mestre Jogo de Dentro bis er mich zum Contramestre ernannte. 1993 bezog ich meinen ersten Raum im Consola\u00e7\u00e3o in Sao Paulo, wo ich der Gruppe Angoleiro Sim Sinh\u00f4 beitrat. 1996 zogen wir nach Turiassu um. Seither arbeiten wir an der Entwicklung der Capoeira Angola in S\u00e3o Paulo.<\/p>\n<h2>SAVE THE DATES!<\/h2>\n<p>Dienstag, 20.03.2018<br \/>\n18.00-21.30 Uhr<br \/>\nKantonsschule Stadelhofen<\/p>\n<p>Freitag, 23.03.2018<br \/>\n19.00-22.00<br \/>\nKantonsschule Stadelhofen<\/p>\n<p>Samstag, 24.03.2018<br \/>\n10.00-14.00 Uhr<br \/>\nSchulhaus Gabler<\/p>\n<p>Sonntag, 25.03.2018<br \/>\nProgramm noch nicht definitiv<\/p>\n<h3><span class=\"text_exposed_show\">Kosten<\/span><\/h3>\n<p><span class=\"text_exposed_show\">4-Tage-Pass: CHF 70<br \/>\nEinzelene Tage: CHF 35<br \/>\n<\/span><\/p>\n<h3><span class=\"text_exposed_show\">Vivarte Capoeira sempre mais***<\/span><\/h3>\n<p><span class=\"text_exposed_show\">Mestre Moreno<\/span><\/p>","excerpt":"","slug":"bem-vindo-mestre-plinio","image":false,"all_day":false,"start_date":"2018-03-20 18:00:00","start_date_details":{"year":"2018","month":"03","day":"20","hour":"18","minutes":"00","seconds":"00"},"end_date":"2018-03-20 21:30:00","end_date_details":{"year":"2018","month":"03","day":"20","hour":"21","minutes":"30","seconds":"00"},"utc_start_date":"2018-03-20 18:00:00","utc_start_date_details":{"year":"2018","month":"03","day":"20","hour":"18","minutes":"00","seconds":"00"},"utc_end_date":"2018-03-20 21:30:00","utc_end_date_details":{"year":"2018","month":"03","day":"20","hour":"21","minutes":"30","seconds":"00"},"timezone":"UTC+0","timezone_abbr":"UTC+0","cost":"CHF 70","cost_details":{"currency_symbol":"CHF ","currency_position":"prefix","values":["70"]},"website":"www.vivartecapoeira.ch","show_map":true,"show_map_link":true,"hide_from_listings":false,"sticky":false,"featured":false,"categories":[],"tags":[],"venue":[],"organizer":[{"id":2528,"author":"1","status":"publish","date":"2018-01-14 08:47:21","date_utc":"2018-01-14 08:47:21","modified":"2018-09-04 18:00:22","modified_utc":"2018-09-04 16:00:22","url":"http:\/\/vivartecapoeira.ch\/new\/organizer\/mestre-moreno\/","organizer":"Mestre Moreno","slug":"mestre-moreno","website":"www.vivartecapoeira.ch","email":"info@vivartecapoeira.ch","json_ld":{"@type":"Person","name":"Mestre Moreno","description":"","url":false,"telephone":"","email":"&#105;&#110;&#102;&#111;&#64;v&#105;var&#116;&#101;&#99;&#97;&#112;&#111;&#101;ira.c&#104;","sameAs":"http:\/\/www.vivartecapoeira.ch"},"global_id":"vivartecapoeira.ch\/new?id=2528","global_id_lineage":["vivartecapoeira.ch\/new?id=2528"]}],"json_ld":{"@context":"http:\/\/schema.org","@type":"Event","name":"Bem-vindo Mestre Plinio","description":"&lt;p&gt;Mestre Plinio Angoleiro Sim Sinh\u00f4:\u00a01979 lernte ich Capoeira in der Nachbarschaft auf der Strasse kennen, aber erst zwei Jahre sp\u00e4ter trat ich einer Akademie bei und trainierte fortan immer im Dabeisein eines Meisters. Als ich Mestre M\u00f4a do Katend\u00ea traf, lud er mich ein, meine eigene Arbeit in Capoeira aufzunehmen. Kurz darauf traf ich Mestre [&hellip;]&lt;\/p&gt;\\n","url":"http:\/\/vivartecapoeira.ch\/new\/event\/bem-vindo-mestre-plinio\/","startDate":"2018-03-20T18:00:00+00:00","endDate":"2018-03-20T21:30:00+00:00","organizer":{"@type":"Person","name":"Mestre Moreno","description":"","url":false,"telephone":"","email":"i&#110;fo&#64;&#118;i&#118;&#97;r&#116;&#101;c&#97;po&#101;&#105;&#114;&#97;.ch","sameAs":"http:\/\/www.vivartecapoeira.ch"},"offers":{"@type":"Offer","price":"70","url":"http:\/\/vivartecapoeira.ch\/new\/event\/bem-vindo-mestre-plinio\/"}}}