{"id":2721,"global_id":"vivartecapoeira.ch\/new?id=2721","global_id_lineage":["vivartecapoeira.ch\/new?id=2721"],"author":"2","status":"publish","date":"2018-09-06 13:28:21","date_utc":"2018-09-06 11:28:21","modified":"2019-07-01 07:35:47","modified_utc":"2019-07-01 05:35:47","url":"http:\/\/vivartecapoeira.ch\/new\/event\/familien-vereinsfest-open-sunday\/","rest_url":"http:\/\/vivartecapoeira.ch\/new\/wp-json\/tribe\/events\/v1\/events\/2721","title":"Familien-Vereinsfest OPEN SUNDAY","description":"<p>Herzliche Einladung zum Vereins-Familienfest 2019<\/p>\n<h1>OPEN SUNDAY<\/h1>\n<h3>SAVE THE DATE!<\/h3>\n<p>Sonntag, 22. September 2019<br \/>\n12.00-17.00 Uhr<br \/>\nGZ Buchegg, Z\u00fcrich<\/p>\n<p>Verbringen Sie den Sonntag mit Ihrer Familie bei uns. Wir essen, spielen Musik und Capoeira und reden zusammen \u00fcber unsere geplanten Vereinst\u00e4tigkeiten. Lassen Sie sich \u00fcberraschen und geniessen Sie das Zusammensein. Ohne Voranmeldung.<\/p>\n<p>Es findet ein Batizado statt f\u00fcr alle, die am Kulturfestival Mitte Juni verhindert waren. Infos folgen.<\/p>\n<h4>Programm<\/h4>\n<p>Wird Anfang September 2019 aufgeschalten<\/p>\n<h4>Essens- &amp; Getr\u00e4nke-BON k\u00f6nnen beim Eintreffen gekauft werden.<br \/>\nDer Erl\u00f6s geht zu Gunsten unserer Vereinsprojekte.<\/h4>\n<h4>Mithilfe<\/h4>\n<p>M\u00f6chten Sie einen Kuchen f\u00fcr unser Zvieri-Buffet beitragen?<br \/>\nM\u00f6chten Sie uns w\u00e4hrend des Festes in der K\u00fcche oder beim Kinderprogramm unterst\u00fctzen?\u00a0Das Vereins-Team freut sich auf Sie.<br \/>\nMelden Sie sich bei uns!<\/p>\n<h5>Capoeira sempre mais***<\/h5>\n<p>Mestre Moreno<\/p>\n<p>&nbsp;<\/p>","excerpt":"","slug":"familien-vereinsfest-open-sunday","image":{"url":"http:\/\/vivartecapoeira.ch\/new\/wp-content\/uploads\/2018\/09\/FacebookOPENSUNDAY-Color.jpg","id":"3264","extension":"jpg","width":2598,"height":1476,"sizes":{"thumbnail":{"width":150,"height":150,"mime-type":"image\/jpeg","url":"http:\/\/vivartecapoeira.ch\/new\/wp-content\/uploads\/2018\/09\/FacebookOPENSUNDAY-Color-150x150.jpg"},"medium":{"width":300,"height":170,"mime-type":"image\/jpeg","url":"http:\/\/vivartecapoeira.ch\/new\/wp-content\/uploads\/2018\/09\/FacebookOPENSUNDAY-Color-300x170.jpg"},"medium_large":{"width":768,"height":436,"mime-type":"image\/jpeg","url":"http:\/\/vivartecapoeira.ch\/new\/wp-content\/uploads\/2018\/09\/FacebookOPENSUNDAY-Color-768x436.jpg"},"large":{"width":1024,"height":582,"mime-type":"image\/jpeg","url":"http:\/\/vivartecapoeira.ch\/new\/wp-content\/uploads\/2018\/09\/FacebookOPENSUNDAY-Color-1024x582.jpg"},"zeko-featured-image":{"width":2598,"height":900,"mime-type":"image\/jpeg","url":"http:\/\/vivartecapoeira.ch\/new\/wp-content\/uploads\/2018\/09\/FacebookOPENSUNDAY-Color-2598x900.jpg"},"zeko-featured-archive-image":{"width":700,"height":398,"mime-type":"image\/jpeg","url":"http:\/\/vivartecapoeira.ch\/new\/wp-content\/uploads\/2018\/09\/FacebookOPENSUNDAY-Color-700x398.jpg"},"zeko-causes-archive-image":{"width":900,"height":600,"mime-type":"image\/jpeg","url":"http:\/\/vivartecapoeira.ch\/new\/wp-content\/uploads\/2018\/09\/FacebookOPENSUNDAY-Color-900x600.jpg"},"zeko-recent-post-image":{"width":348,"height":198,"mime-type":"image\/jpeg","url":"http:\/\/vivartecapoeira.ch\/new\/wp-content\/uploads\/2018\/09\/FacebookOPENSUNDAY-Color-348x198.jpg"},"zeko-grid-page-image":{"width":354,"height":201,"mime-type":"image\/jpeg","url":"http:\/\/vivartecapoeira.ch\/new\/wp-content\/uploads\/2018\/09\/FacebookOPENSUNDAY-Color-354x201.jpg"},"zeko-thumbnail-avatar":{"width":100,"height":100,"mime-type":"image\/jpeg","url":"http:\/\/vivartecapoeira.ch\/new\/wp-content\/uploads\/2018\/09\/FacebookOPENSUNDAY-Color-100x100.jpg"}}},"all_day":false,"start_date":"2019-09-22 12:00:00","start_date_details":{"year":"2019","month":"09","day":"22","hour":"12","minutes":"00","seconds":"00"},"end_date":"2019-09-22 17:00:00","end_date_details":{"year":"2019","month":"09","day":"22","hour":"17","minutes":"00","seconds":"00"},"utc_start_date":"2019-09-22 10:00:00","utc_start_date_details":{"year":"2019","month":"09","day":"22","hour":"10","minutes":"00","seconds":"00"},"utc_end_date":"2019-09-22 15:00:00","utc_end_date_details":{"year":"2019","month":"09","day":"22","hour":"15","minutes":"00","seconds":"00"},"timezone":"Europe\/Zurich","timezone_abbr":"CEST","cost":"","cost_details":{"currency_symbol":"","currency_position":"prefix","values":[]},"website":"","show_map":true,"show_map_link":true,"hide_from_listings":false,"sticky":false,"featured":false,"categories":[],"tags":[],"venue":{"id":2724,"author":"2","status":"publish","date":"2018-09-06 13:28:21","date_utc":"2018-09-06 11:28:21","modified":"2018-09-14 20:19:55","modified_utc":"2018-09-14 18:19:55","url":"http:\/\/vivartecapoeira.ch\/new\/venue\/gz-buchegg\/","venue":"GZ Buchegg","slug":"gz-buchegg","address":"Bucheggstrasse 93","city":"Z\u00fcrich","country":"Switzerland","zip":"8057","json_ld":{"@type":"Place","name":"GZ Buchegg","description":"","url":false,"address":{"@type":"PostalAddress","streetAddress":"Bucheggstrasse 93","addressLocality":"Z\u00fcrich","postalCode":"8057","addressCountry":"Switzerland"},"telephone":"","sameAs":""},"show_map":true,"show_map_link":true,"global_id":"vivartecapoeira.ch\/new?id=2724","global_id_lineage":["vivartecapoeira.ch\/new?id=2724"]},"organizer":[{"id":2528,"author":"1","status":"publish","date":"2018-01-14 08:47:21","date_utc":"2018-01-14 08:47:21","modified":"2018-09-04 18:00:22","modified_utc":"2018-09-04 16:00:22","url":"http:\/\/vivartecapoeira.ch\/new\/organizer\/mestre-moreno\/","organizer":"Mestre Moreno","slug":"mestre-moreno","website":"www.vivartecapoeira.ch","email":"info@vivartecapoeira.ch","json_ld":{"@type":"Person","name":"Mestre Moreno","description":"","url":false,"telephone":"","email":"i&#110;fo&#64;&#118;&#105;va&#114;tec&#97;p&#111;ei&#114;a&#46;ch","sameAs":"http:\/\/www.vivartecapoeira.ch"},"global_id":"vivartecapoeira.ch\/new?id=2528","global_id_lineage":["vivartecapoeira.ch\/new?id=2528"]}],"json_ld":{"@context":"http:\/\/schema.org","@type":"Event","name":"Familien-Vereinsfest OPEN SUNDAY","description":"&lt;p&gt;Herzliche Einladung zum Vereins-Familienfest 2019 OPEN SUNDAY SAVE THE DATE! Sonntag, 22. September 2019 12.00-17.00 Uhr GZ Buchegg, Z\u00fcrich Verbringen Sie den Sonntag mit Ihrer Familie bei uns. Wir essen, spielen Musik und Capoeira und reden zusammen \u00fcber unsere geplanten Vereinst\u00e4tigkeiten. Lassen Sie sich \u00fcberraschen und geniessen Sie das Zusammensein. Ohne Voranmeldung. Es findet ein [&hellip;]&lt;\/p&gt;\\n","image":"http:\/\/vivartecapoeira.ch\/new\/wp-content\/uploads\/2018\/09\/FacebookOPENSUNDAY-Color.jpg","url":"http:\/\/vivartecapoeira.ch\/new\/event\/familien-vereinsfest-open-sunday\/","startDate":"2019-09-22T12:00:00+02:00","endDate":"2019-09-22T17:00:00+02:00","location":{"@type":"Place","name":"GZ Buchegg","description":"","url":false,"address":{"@type":"PostalAddress","streetAddress":"Bucheggstrasse 93","addressLocality":"Z\u00fcrich","postalCode":"8057","addressCountry":"Switzerland"},"telephone":"","sameAs":""},"organizer":{"@type":"Person","name":"Mestre Moreno","description":"","url":false,"telephone":"","email":"&#105;&#110;&#102;&#111;&#64;&#118;&#105;&#118;&#97;r&#116;e&#99;apoeir&#97;&#46;&#99;&#104;","sameAs":"http:\/\/www.vivartecapoeira.ch"}}}