{"id":4474,"global_id":"vivartecapoeira.ch\/new?id=4474","global_id_lineage":["vivartecapoeira.ch\/new?id=4474"],"author":"2","status":"publish","date":"2023-03-24 15:06:39","date_utc":"2023-03-24 14:06:39","modified":"2023-04-06 10:06:48","modified_utc":"2023-04-06 08:06:48","url":"http:\/\/vivartecapoeira.ch\/new\/event\/mestre-goes-in-zuerich\/","rest_url":"http:\/\/vivartecapoeira.ch\/new\/wp-json\/tribe\/events\/v1\/events\/4474","title":"Mestre Goes in Z\u00fcrich","description":"<h3>ACHTUNG<br \/>\n<span class=\"HwtZe\" lang=\"pt\"><span class=\"jCAhz ChMk0b\"><span class=\"ryNqvb\">Aten\u00e7\u00e3o<\/span><\/span><\/span><\/h3>\n<div><strong>Der Workshop vom Samstag, 8. April 2023 (Berimbau bauen) ist ausgebucht. <\/strong><br \/>\n<strong>Es hat keine freien Pl\u00e4tze mehr. <em><span class=\"HwtZe\" lang=\"pt\"><span class=\"jCAhz ChMk0b\"><span class=\"ryNqvb\">A oficina est\u00e1 cheia!<\/span><\/span><\/span><\/em><\/strong><\/div>\n<div><\/div>\n<h1><\/h1>\n<div class=\"x11i5rnm xat24cr x1mh8g0r x1vvkbs xdj266r\">Deixo aqui meu convite a todos os capoeira independente de escolas ou grupos:<br \/>\na porta est\u00e1 aberta para todos.<\/div>\n<div><\/div>\n<div class=\"x11i5rnm xat24cr x1mh8g0r x1vvkbs xdj266r\">Projeto Toque-Gunga com Mestre Goes, filho do saudoso Mestre Gato da Bahia<\/div>\n<div><\/div>\n<div class=\"x11i5rnm xat24cr x1mh8g0r x1vvkbs xdj266r\">Traga seu berimbau e vamos vadiaaa, viv\u00eancia e rodas <span class=\"x3nfvp2 x1j61x8r x1fcty0u xdj266r xhhsvwb xat24cr xgzva0m xxymvpz xlup9mm x1kky2od\"><img src=\"https:\/\/static.xx.fbcdn.net\/images\/emoji.php\/v9\/t1f\/1\/16\/1f3b6.png\" alt=\"\ud83c\udfb6\" width=\"16\" height=\"16\" \/><\/span><\/div>\n<div class=\"x11i5rnm xat24cr x1mh8g0r x1vvkbs xtlvy1s\">\n<p>&nbsp;<\/p>\n<p>Ax\u00e9 pra todas e todos<br \/>\n<strong>Capoeira sempre mais***<\/strong><br \/>\nMoreno<\/p>\n<p>&nbsp;<\/p>\n<\/div>\n<p><strong>Infos und Anmeldung:<\/strong><br \/>\ninfo@vivartecapoeira.ch<br \/>\nwww.vivartecapoeira.ch<\/p>\n<p><strong>Dienstag, 4. April 2023<\/strong><br \/>\n19.30 Uhr<br \/>\n<strong>Schulhaus Gabler<\/strong> (nicht Kantonsschule Stadelhofen)<br \/>\n<em>vadiaaa, viv\u00eancia e rodas<\/em><\/p>\n<p><strong>Donnerstag, 6. April 2023<\/strong><br \/>\n19.00 Uhr<br \/>\nSchulhaus Gabler<br \/>\n<em>vadiaaa, viv\u00eancia e rodas<\/em><\/p>\n<p><strong>Samstag, 8. April 2023<\/strong><br \/>\n10.00 Uhr<br \/>\nSchulhaus Gabler<br \/>\n<strong><em>Berimbau bauen: AUSGEBUCHT!<br \/>\n<\/em><\/strong><\/p>","excerpt":"","slug":"mestre-goes-in-zuerich","image":{"url":"http:\/\/vivartecapoeira.ch\/new\/wp-content\/uploads\/2023\/04\/MestreGoes2023_Gabler.jpg","id":"4486","extension":"jpg","width":1772,"height":1181,"sizes":{"thumbnail":{"width":150,"height":150,"mime-type":"image\/jpeg","url":"http:\/\/vivartecapoeira.ch\/new\/wp-content\/uploads\/2023\/04\/MestreGoes2023_Gabler-150x150.jpg"},"medium":{"width":300,"height":200,"mime-type":"image\/jpeg","url":"http:\/\/vivartecapoeira.ch\/new\/wp-content\/uploads\/2023\/04\/MestreGoes2023_Gabler-300x200.jpg"},"medium_large":{"width":768,"height":512,"mime-type":"image\/jpeg","url":"http:\/\/vivartecapoeira.ch\/new\/wp-content\/uploads\/2023\/04\/MestreGoes2023_Gabler-768x512.jpg"},"large":{"width":1024,"height":682,"mime-type":"image\/jpeg","url":"http:\/\/vivartecapoeira.ch\/new\/wp-content\/uploads\/2023\/04\/MestreGoes2023_Gabler-1024x682.jpg"},"zeko-featured-image":{"width":1772,"height":900,"mime-type":"image\/jpeg","url":"http:\/\/vivartecapoeira.ch\/new\/wp-content\/uploads\/2023\/04\/MestreGoes2023_Gabler-1772x900.jpg"},"zeko-featured-archive-image":{"width":700,"height":467,"mime-type":"image\/jpeg","url":"http:\/\/vivartecapoeira.ch\/new\/wp-content\/uploads\/2023\/04\/MestreGoes2023_Gabler-700x467.jpg"},"zeko-causes-archive-image":{"width":900,"height":600,"mime-type":"image\/jpeg","url":"http:\/\/vivartecapoeira.ch\/new\/wp-content\/uploads\/2023\/04\/MestreGoes2023_Gabler-900x600.jpg"},"zeko-recent-post-image":{"width":348,"height":232,"mime-type":"image\/jpeg","url":"http:\/\/vivartecapoeira.ch\/new\/wp-content\/uploads\/2023\/04\/MestreGoes2023_Gabler-348x232.jpg"},"zeko-grid-page-image":{"width":354,"height":236,"mime-type":"image\/jpeg","url":"http:\/\/vivartecapoeira.ch\/new\/wp-content\/uploads\/2023\/04\/MestreGoes2023_Gabler-354x236.jpg"},"zeko-thumbnail-avatar":{"width":100,"height":100,"mime-type":"image\/jpeg","url":"http:\/\/vivartecapoeira.ch\/new\/wp-content\/uploads\/2023\/04\/MestreGoes2023_Gabler-100x100.jpg"}}},"all_day":false,"start_date":"2023-04-04 19:00:00","start_date_details":{"year":"2023","month":"04","day":"04","hour":"19","minutes":"00","seconds":"00"},"end_date":"2023-04-08 17:00:00","end_date_details":{"year":"2023","month":"04","day":"08","hour":"17","minutes":"00","seconds":"00"},"utc_start_date":"2023-04-04 17:00:00","utc_start_date_details":{"year":"2023","month":"04","day":"04","hour":"17","minutes":"00","seconds":"00"},"utc_end_date":"2023-04-08 15:00:00","utc_end_date_details":{"year":"2023","month":"04","day":"08","hour":"15","minutes":"00","seconds":"00"},"timezone":"Europe\/Zurich","timezone_abbr":"CEST","cost":"","cost_details":{"currency_symbol":"","currency_position":"prefix","values":[]},"website":"","show_map":true,"show_map_link":true,"hide_from_listings":false,"sticky":false,"featured":false,"categories":[],"tags":[],"venue":{"id":2537,"author":"1","status":"publish","date":"2018-01-14 10:37:21","date_utc":"2018-01-14 10:37:21","modified":"2026-03-19 21:00:18","modified_utc":"2026-03-19 20:00:18","url":"http:\/\/vivartecapoeira.ch\/new\/venue\/schulhaus-gabler\/","venue":"NOAM Werkstatt","slug":"schulhaus-gabler","address":"Schulhausstrasse 19a","city":"Z\u00fcrich","zip":"8002","json_ld":{"@type":"Place","name":"NOAM Werkstatt","description":"","url":false,"address":{"@type":"PostalAddress","streetAddress":"Schulhausstrasse 19a","addressLocality":"Z\u00fcrich","postalCode":"8002"},"telephone":"","sameAs":""},"show_map":true,"show_map_link":true,"global_id":"vivartecapoeira.ch\/new?id=2537","global_id_lineage":["vivartecapoeira.ch\/new?id=2537"]},"organizer":[{"id":2528,"author":"1","status":"publish","date":"2018-01-14 08:47:21","date_utc":"2018-01-14 08:47:21","modified":"2018-09-04 18:00:22","modified_utc":"2018-09-04 16:00:22","url":"http:\/\/vivartecapoeira.ch\/new\/organizer\/mestre-moreno\/","organizer":"Mestre Moreno","slug":"mestre-moreno","website":"www.vivartecapoeira.ch","email":"info@vivartecapoeira.ch","json_ld":{"@type":"Person","name":"Mestre Moreno","description":"","url":false,"telephone":"","email":"in&#102;&#111;&#64;viv&#97;&#114;&#116;e&#99;&#97;po&#101;ira.c&#104;","sameAs":"http:\/\/www.vivartecapoeira.ch"},"global_id":"vivartecapoeira.ch\/new?id=2528","global_id_lineage":["vivartecapoeira.ch\/new?id=2528"]}],"json_ld":{"@context":"http:\/\/schema.org","@type":"Event","name":"Mestre Goes in Z\u00fcrich","description":"&lt;p&gt;ACHTUNG Aten\u00e7\u00e3o Der Workshop vom Samstag, 8. April 2023 (Berimbau bauen) ist ausgebucht. Es hat keine freien Pl\u00e4tze mehr. A oficina est\u00e1 cheia! Deixo aqui meu convite a todos os capoeira independente de escolas ou grupos: a porta est\u00e1 aberta para todos. Projeto Toque-Gunga com Mestre Goes, filho do saudoso Mestre Gato da Bahia Traga [&hellip;]&lt;\/p&gt;\\n","image":"http:\/\/vivartecapoeira.ch\/new\/wp-content\/uploads\/2023\/04\/MestreGoes2023_Gabler.jpg","url":"http:\/\/vivartecapoeira.ch\/new\/event\/mestre-goes-in-zuerich\/","startDate":"2023-04-04T19:00:00+02:00","endDate":"2023-04-08T17:00:00+02:00","location":{"@type":"Place","name":"NOAM Werkstatt","description":"","url":false,"address":{"@type":"PostalAddress","streetAddress":"Schulhausstrasse 19a","addressLocality":"Z\u00fcrich","postalCode":"8002"},"telephone":"","sameAs":""},"organizer":{"@type":"Person","name":"Mestre Moreno","description":"","url":false,"telephone":"","email":"&#105;&#110;&#102;&#111;&#64;&#118;&#105;var&#116;&#101;capo&#101;&#105;ra&#46;c&#104;","sameAs":"http:\/\/www.vivartecapoeira.ch"}}}