{"id":4917,"global_id":"vivartecapoeira.ch\/new?id=4917","global_id_lineage":["vivartecapoeira.ch\/new?id=4917"],"author":"2","status":"publish","date":"2025-02-08 17:35:20","date_utc":"2025-02-08 16:35:20","modified":"2025-02-08 17:39:54","modified_utc":"2025-02-08 16:39:54","url":"http:\/\/vivartecapoeira.ch\/new\/event\/4917\/","rest_url":"http:\/\/vivartecapoeira.ch\/new\/wp-json\/tribe\/events\/v1\/events\/4917","title":"Kids-Capoeira-Camp Sommer 2025","description":"<h3>Details folgen<\/h3>\n<p>1. Woche der Sommerferien<br \/>\n<strong>Montag bis Freitag, 14. bis 18. Juli 2025<\/strong><br \/>\n9.00 bis 16.00 Uhr<\/p>\n<p>Jahrg\u00e4nge: 2014\u20132018<br \/>\nKosten: CHF 300<\/p>\n<p>\u200bGeben Sie Ihrem Kind ein Zn\u00fcni, einen Lunch und ein Zvieri mit<br \/>\n(Sandwich, Fr\u00fcchte, Getr\u00e4nke).<\/p>\n<p>Ihr Kind wird den ganzen Tag betreut und braucht ein T-Shirt und Trainierhosen. Wir trainieren barfuss.<\/p>\n<p>Das Programm wird am ersten Tag bekannt gegeben.<\/p>\n<h3>Liebe Eltern<\/h3>\n<p><strong>Reservieren Sie sich bereits den Freitagnachmittag f\u00fcr unsere Pr\u00e4sentation:<\/strong><br \/>\n<strong>Freitag, 18. Juli 2025, 15.00 Uhr<\/strong><\/p>\n<h3>CAPOEIRA SEMPRE MAIS***<\/h3>\n<p>Mestre Moreno<\/p>","excerpt":"","slug":"4917","image":false,"all_day":false,"start_date":"2025-07-14 09:00:00","start_date_details":{"year":"2025","month":"07","day":"14","hour":"09","minutes":"00","seconds":"00"},"end_date":"2025-07-18 16:00:00","end_date_details":{"year":"2025","month":"07","day":"18","hour":"16","minutes":"00","seconds":"00"},"utc_start_date":"2025-07-14 07:00:00","utc_start_date_details":{"year":"2025","month":"07","day":"14","hour":"07","minutes":"00","seconds":"00"},"utc_end_date":"2025-07-18 14:00:00","utc_end_date_details":{"year":"2025","month":"07","day":"18","hour":"14","minutes":"00","seconds":"00"},"timezone":"Europe\/Zurich","timezone_abbr":"CEST","cost":"","cost_details":{"currency_symbol":"","currency_position":"prefix","values":[]},"website":"","show_map":true,"show_map_link":true,"hide_from_listings":false,"sticky":false,"featured":false,"categories":[],"tags":[],"venue":[],"organizer":[{"id":2592,"author":"2","status":"publish","date":"2018-03-04 17:34:26","date_utc":"2018-03-04 17:34:26","modified":"2018-09-26 20:32:54","modified_utc":"2018-09-26 18:32:54","url":"http:\/\/vivartecapoeira.ch\/new\/organizer\/sportamt-zuerich\/","organizer":"Sportamt Z\u00fcrich","slug":"sportamt-zuerich","json_ld":{"@type":"Person","name":"Sportamt Z\u00fcrich","description":"","url":false,"telephone":"","email":"","sameAs":""},"global_id":"vivartecapoeira.ch\/new?id=2592","global_id_lineage":["vivartecapoeira.ch\/new?id=2592"]},{"id":2528,"author":"1","status":"publish","date":"2018-01-14 08:47:21","date_utc":"2018-01-14 08:47:21","modified":"2018-09-04 18:00:22","modified_utc":"2018-09-04 16:00:22","url":"http:\/\/vivartecapoeira.ch\/new\/organizer\/mestre-moreno\/","organizer":"Mestre Moreno","slug":"mestre-moreno","website":"www.vivartecapoeira.ch","email":"info@vivartecapoeira.ch","json_ld":{"@type":"Person","name":"Mestre Moreno","description":"","url":false,"telephone":"","email":"&#105;n&#102;o&#64;viv&#97;r&#116;e&#99;a&#112;oei&#114;&#97;&#46;&#99;h","sameAs":"http:\/\/www.vivartecapoeira.ch"},"global_id":"vivartecapoeira.ch\/new?id=2528","global_id_lineage":["vivartecapoeira.ch\/new?id=2528"]}],"json_ld":{"@context":"http:\/\/schema.org","@type":"Event","name":"Kids-Capoeira-Camp Sommer 2025","description":"&lt;p&gt;Details folgen 1. Woche der Sommerferien Montag bis Freitag, 14. bis 18. Juli 2025 9.00 bis 16.00 Uhr Jahrg\u00e4nge: 2014\u20132018 Kosten: CHF 300 \u200bGeben Sie Ihrem Kind ein Zn\u00fcni, einen Lunch und ein Zvieri mit (Sandwich, Fr\u00fcchte, Getr\u00e4nke). Ihr Kind wird den ganzen Tag betreut und braucht ein T-Shirt und Trainierhosen. Wir trainieren barfuss. Das [&hellip;]&lt;\/p&gt;\\n","url":"http:\/\/vivartecapoeira.ch\/new\/event\/4917\/","startDate":"2025-07-14T09:00:00+02:00","endDate":"2025-07-18T16:00:00+02:00","organizer":{"@type":"Person","name":"Sportamt Z\u00fcrich","description":"","url":false,"telephone":"","email":"","sameAs":""}}}